{"id":117,"date":"2014-12-16T19:17:16","date_gmt":"2014-12-16T17:17:16","guid":{"rendered":"http:\/\/www.maerchen-und-menschen.de\/?p=117"},"modified":"2014-12-16T19:19:38","modified_gmt":"2014-12-16T17:19:38","slug":"eine-kleine-weihnachtsgeschichte-es-war-einmal-ein-kleiner-weihnachtsbaum","status":"publish","type":"post","link":"https:\/\/www.maerchen-und-menschen.de\/?p=117","title":{"rendered":"Eine kleine Weihnachtsgeschichte: Es war einmal eine kleine Tanne &#8230;"},"content":{"rendered":"<p>&nbsp;<\/p>\n<figure id=\"attachment_111\" aria-describedby=\"caption-attachment-111\" style=\"width: 300px\" class=\"wp-caption alignright\"><a href=\"http:\/\/www.maerchen-und-menschen.de\/ghtz_kl\/wp-content\/uploads\/2014\/12\/12Dezember-e1418667162971.jpg\"><img loading=\"lazy\" decoding=\"async\" class=\"wp-image-111 size-medium\" src=\"http:\/\/www.maerchen-und-menschen.de\/ghtz_kl\/wp-content\/uploads\/2014\/12\/12Dezember-300x225.jpg\" alt=\"Foto: privat\" width=\"300\" height=\"225\" \/><\/a><figcaption id=\"caption-attachment-111\" class=\"wp-caption-text\">Foto: privat<\/figcaption><\/figure>\n<p>Es war einmal ein kleiner Tannenbaum. Der stand in einem Wald mit vielen gro\u00dfen, halbgro\u00dfen und anderen kleinen Tannenb\u00e4umen.<\/p>\n<p>Und er tr\u00e4umte davon, irgendwann in seinem Leben eine wunderbare, gerade gewachsener Tanne zu werden, mit sch\u00f6nen gl\u00e4nzenden Nadeln.<\/p>\n<p>Und dann w\u00fcrde am 24. Dezember ein Vater mit seinen Kindern kommen und ihn, genau ihn ausw\u00e4hlen als Weihnachtsbaum.<\/p>\n<p>Er w\u00fcrde geschm\u00fcckt mit goldenen Kugeln und Strohsternen und vielen Kerzen bei Ihnen im Wohnzimmer stehen.<\/p>\n<p>Und die ganze Famnilie w\u00fcrde drum herum stehen und ihn bewundern.<\/p>\n<p>Ob er dieses Ziel wohl erreicht?<\/p>\n<p>Wie wird es ihm gehen dort in dem gro\u00dfen Wald?<\/p>\n<p>Tr\u00e4ume Dir das Leben des Baumes und schreibe es\u00a0 einfach als Deine Geschichte weiter!<\/p>\n","protected":false},"excerpt":{"rendered":"<p>&nbsp; Es war einmal ein kleiner Tannenbaum. Der stand in einem Wald mit vielen gro\u00dfen, halbgro\u00dfen und anderen kleinen Tannenb\u00e4umen. Und er tr\u00e4umte davon, irgendwann in seinem Leben eine wunderbare, gerade gewachsener Tanne zu werden, mit sch\u00f6nen gl\u00e4nzenden Nadeln. Und<\/p>\n","protected":false},"author":1,"featured_media":0,"comment_status":"closed","ping_status":"closed","sticky":false,"template":"","format":"standard","meta":{"footnotes":""},"categories":[5],"tags":[],"class_list":["post-117","post","type-post","status-publish","format-standard","hentry","category-bilder-u-a"],"_links":{"self":[{"href":"https:\/\/www.maerchen-und-menschen.de\/index.php?rest_route=\/wp\/v2\/posts\/117","targetHints":{"allow":["GET"]}}],"collection":[{"href":"https:\/\/www.maerchen-und-menschen.de\/index.php?rest_route=\/wp\/v2\/posts"}],"about":[{"href":"https:\/\/www.maerchen-und-menschen.de\/index.php?rest_route=\/wp\/v2\/types\/post"}],"author":[{"embeddable":true,"href":"https:\/\/www.maerchen-und-menschen.de\/index.php?rest_route=\/wp\/v2\/users\/1"}],"replies":[{"embeddable":true,"href":"https:\/\/www.maerchen-und-menschen.de\/index.php?rest_route=%2Fwp%2Fv2%2Fcomments&post=117"}],"version-history":[{"count":3,"href":"https:\/\/www.maerchen-und-menschen.de\/index.php?rest_route=\/wp\/v2\/posts\/117\/revisions"}],"predecessor-version":[{"id":120,"href":"https:\/\/www.maerchen-und-menschen.de\/index.php?rest_route=\/wp\/v2\/posts\/117\/revisions\/120"}],"wp:attachment":[{"href":"https:\/\/www.maerchen-und-menschen.de\/index.php?rest_route=%2Fwp%2Fv2%2Fmedia&parent=117"}],"wp:term":[{"taxonomy":"category","embeddable":true,"href":"https:\/\/www.maerchen-und-menschen.de\/index.php?rest_route=%2Fwp%2Fv2%2Fcategories&post=117"},{"taxonomy":"post_tag","embeddable":true,"href":"https:\/\/www.maerchen-und-menschen.de\/index.php?rest_route=%2Fwp%2Fv2%2Ftags&post=117"}],"curies":[{"name":"wp","href":"https:\/\/api.w.org\/{rel}","templated":true}]}}