{"id":159,"date":"2015-02-14T17:40:22","date_gmt":"2015-02-14T15:40:22","guid":{"rendered":"http:\/\/www.maerchen-und-menschen.de\/?p=159"},"modified":"2015-02-14T17:40:22","modified_gmt":"2015-02-14T15:40:22","slug":"meine-zimtschnecken","status":"publish","type":"post","link":"https:\/\/www.maerchen-und-menschen.de\/?p=159","title":{"rendered":"Meine Zimtschnecken"},"content":{"rendered":"<p>150 g Butter\u00a0\u00a0\u00a0\u00a0\u00a0\u00a0\u00a0\u00a0\u00a0\u00a0\u00a0\u00a0\u00a0\u00a0\u00a0 zerlassen,<\/p>\n<p>500 ml Milch \u00a0 \u00a0 \u00a0 \u00a0 \u00a0 \u00a0\u00a0 dazu geben, beides auf ca. 37 Grad (handwarm) erw\u00e4rmen.<\/p>\n<p>1 W\u00fcrfel Hefe\u00a0\u00a0\u00a0\u00a0\u00a0\u00a0\u00a0\u00a0\u00a0\u00a0\u00a0\u00a0 in ein wenig der Fl\u00fcssigkeit anr\u00fchren<\/p>\n<p>85 g Zucker<\/p>\n<p>1 Prise Salz<\/p>\n<p>725 &#8211; 850 g Mehl\u00a0\u00a0\u00a0\u00a0\u00a0\u00a0 hinzuf\u00fcgen, so dass ein leicht knetbarer Teig entsteht.<\/p>\n<p>Den Teig ca. 30 min zugedeckt an einem warmen Ort gehen lassen.<\/p>\n<p>Den Teig in zwei Teile teilen und zu zwei Rechtecken ausrollen.<\/p>\n<p>Weiche Butter knapp 1 cm dick (etwas weniger ist auch i.O.) auf die beiden Teigst\u00fccke streichen.<\/p>\n<p>Mit Zimt und Zucker und Vanillezucker bestreuen und zu zwei Rollen rollen.<\/p>\n<p>In 24 St\u00fccke schneiden und jede Schnecke unten zusammendr\u00fccken, so dass die F\u00fcllung nicht ausl\u00e4uft.<\/p>\n<p>Auf ein mit Backpapier belegtes Blech legen (oder in Muffin-Papierf\u00f6rmchen) und ca. 30 min gehen lassen.<\/p>\n<p>Mit verquirltem Ei bestreichen, evtl mit Hagelzucker bestreuen (oder Mandelbl\u00e4ttchen).<\/p>\n<p>Bei 225 Grad (Ofen vorheizen) 8 bis 10 min backen.<\/p>\n<h4>Dazu eine Tasse mit duftendem Kaffee &#8211; einfach m\u00e4rchenhaft!<\/h4>\n<h4><\/h4>\n","protected":false},"excerpt":{"rendered":"<p>150 g Butter\u00a0\u00a0\u00a0\u00a0\u00a0\u00a0\u00a0\u00a0\u00a0\u00a0\u00a0\u00a0\u00a0\u00a0\u00a0 zerlassen, 500 ml Milch \u00a0 \u00a0 \u00a0 \u00a0 \u00a0 \u00a0\u00a0 dazu geben, beides auf ca. 37 Grad (handwarm) erw\u00e4rmen. 1 W\u00fcrfel Hefe\u00a0\u00a0\u00a0\u00a0\u00a0\u00a0\u00a0\u00a0\u00a0\u00a0\u00a0\u00a0 in ein wenig der Fl\u00fcssigkeit anr\u00fchren 85 g Zucker 1 Prise Salz 725 &#8211; 850<\/p>\n","protected":false},"author":1,"featured_media":0,"comment_status":"closed","ping_status":"closed","sticky":false,"template":"","format":"standard","meta":{"footnotes":""},"categories":[4],"tags":[],"class_list":["post-159","post","type-post","status-publish","format-standard","hentry","category-rezepte"],"_links":{"self":[{"href":"https:\/\/www.maerchen-und-menschen.de\/index.php?rest_route=\/wp\/v2\/posts\/159","targetHints":{"allow":["GET"]}}],"collection":[{"href":"https:\/\/www.maerchen-und-menschen.de\/index.php?rest_route=\/wp\/v2\/posts"}],"about":[{"href":"https:\/\/www.maerchen-und-menschen.de\/index.php?rest_route=\/wp\/v2\/types\/post"}],"author":[{"embeddable":true,"href":"https:\/\/www.maerchen-und-menschen.de\/index.php?rest_route=\/wp\/v2\/users\/1"}],"replies":[{"embeddable":true,"href":"https:\/\/www.maerchen-und-menschen.de\/index.php?rest_route=%2Fwp%2Fv2%2Fcomments&post=159"}],"version-history":[{"count":5,"href":"https:\/\/www.maerchen-und-menschen.de\/index.php?rest_route=\/wp\/v2\/posts\/159\/revisions"}],"predecessor-version":[{"id":164,"href":"https:\/\/www.maerchen-und-menschen.de\/index.php?rest_route=\/wp\/v2\/posts\/159\/revisions\/164"}],"wp:attachment":[{"href":"https:\/\/www.maerchen-und-menschen.de\/index.php?rest_route=%2Fwp%2Fv2%2Fmedia&parent=159"}],"wp:term":[{"taxonomy":"category","embeddable":true,"href":"https:\/\/www.maerchen-und-menschen.de\/index.php?rest_route=%2Fwp%2Fv2%2Fcategories&post=159"},{"taxonomy":"post_tag","embeddable":true,"href":"https:\/\/www.maerchen-und-menschen.de\/index.php?rest_route=%2Fwp%2Fv2%2Ftags&post=159"}],"curies":[{"name":"wp","href":"https:\/\/api.w.org\/{rel}","templated":true}]}}